{"id":7528,"date":"2024-07-17T16:10:23","date_gmt":"2024-07-17T16:10:23","guid":{"rendered":"https:\/\/climatecommunications.earth\/post_resources\/iniciativa-positiva-de-la-naturaleza\/"},"modified":"2024-09-20T15:25:44","modified_gmt":"2024-09-20T15:25:44","slug":"iniciativa-positiva-de-la-naturaleza","status":"publish","type":"post_resources","link":"https:\/\/climatecommunications.earth\/es\/post_resources\/iniciativa-positiva-de-la-naturaleza\/","title":{"rendered":"Iniciativa Positiva de la Naturaleza"},"content":{"rendered":"\n<p>27 de las organizaciones de conservaci\u00f3n de la naturaleza, institutos, empresas y coaliciones financieras m\u00e1s grandes del mundo se unieron para lanzar una nueva iniciativa destinada a impulsar la alineaci\u00f3n en torno a la definici\u00f3n, la integridad y el uso del t\u00e9rmino \u00abpositivo para la naturaleza\u00bb y apoyar esfuerzos m\u00e1s amplios y a largo plazo para lograr resultados positivos para la naturaleza.<\/p>\n\n<p><\/p>\n","protected":false},"excerpt":{"rendered":"<p>27 de las organizaciones de conservaci\u00f3n de la naturaleza, institutos, empresas y coaliciones financieras m\u00e1s grandes del mundo se unieron para lanzar una nueva iniciativa destinada a impulsar la alineaci\u00f3n en torno a la definici\u00f3n, la integridad y el uso del t\u00e9rmino \u00abpositivo para la naturaleza\u00bb y apoyar esfuerzos m\u00e1s amplios y a largo plazo [&hellip;]<\/p>\n","protected":false},"author":3,"featured_media":6187,"template":"","meta":[],"class_list":["post-7528","post_resources","type-post_resources","status-publish","has-post-thumbnail","hentry"],"yoast_head":"<!-- This site is optimized with the Yoast SEO plugin v27.5 - https:\/\/yoast.com\/product\/yoast-seo-wordpress\/ -->\n<title>Iniciativa Positiva de la Naturaleza - A New Era in Climate Communications<\/title>\n<meta name=\"robots\" content=\"index, follow, max-snippet:-1, max-image-preview:large, max-video-preview:-1\" \/>\n<link rel=\"canonical\" href=\"https:\/\/climatecommunications.earth\/es\/post_resources\/iniciativa-positiva-de-la-naturaleza\/\" \/>\n<meta property=\"og:locale\" content=\"es_ES\" \/>\n<meta property=\"og:type\" content=\"article\" \/>\n<meta property=\"og:title\" content=\"Iniciativa Positiva de la Naturaleza - A New Era in Climate Communications\" \/>\n<meta property=\"og:description\" content=\"27 de las organizaciones de conservaci\u00f3n de la naturaleza, institutos, empresas y coaliciones financieras m\u00e1s grandes del mundo se unieron para lanzar una nueva iniciativa destinada a impulsar la alineaci\u00f3n en torno a la definici\u00f3n, la integridad y el uso del t\u00e9rmino \u00abpositivo para la naturaleza\u00bb y apoyar esfuerzos m\u00e1s amplios y a largo plazo [&hellip;]\" \/>\n<meta property=\"og:url\" content=\"https:\/\/climatecommunications.earth\/es\/post_resources\/iniciativa-positiva-de-la-naturaleza\/\" \/>\n<meta property=\"og:site_name\" content=\"A New Era in Climate Communications\" \/>\n<meta property=\"article:modified_time\" content=\"2024-09-20T15:25:44+00:00\" \/>\n<meta property=\"og:image\" content=\"https:\/\/climatecommunications.earth\/wp-content\/uploads\/2024\/07\/64ffa3f6b2d9ca27f0c19fd8_NATURE-POSITIVE-BY-2030_identity-lock-up_banner-4.webp\" \/>\n\t<meta property=\"og:image:width\" content=\"716\" \/>\n\t<meta property=\"og:image:height\" content=\"497\" \/>\n\t<meta property=\"og:image:type\" content=\"image\/webp\" \/>\n<meta name=\"twitter:card\" content=\"summary_large_image\" \/>\n<meta name=\"twitter:label1\" content=\"Tiempo de lectura\" \/>\n\t<meta name=\"twitter:data1\" content=\"1 minuto\" \/>\n<script type=\"application\/ld+json\" class=\"yoast-schema-graph\">{\"@context\":\"https:\\\/\\\/schema.org\",\"@graph\":[{\"@type\":\"WebPage\",\"@id\":\"https:\\\/\\\/climatecommunications.earth\\\/es\\\/post_resources\\\/iniciativa-positiva-de-la-naturaleza\\\/\",\"url\":\"https:\\\/\\\/climatecommunications.earth\\\/es\\\/post_resources\\\/iniciativa-positiva-de-la-naturaleza\\\/\",\"name\":\"Iniciativa Positiva de la Naturaleza - A New Era in Climate Communications\",\"isPartOf\":{\"@id\":\"https:\\\/\\\/climatecommunications.earth\\\/es\\\/#website\"},\"primaryImageOfPage\":{\"@id\":\"https:\\\/\\\/climatecommunications.earth\\\/es\\\/post_resources\\\/iniciativa-positiva-de-la-naturaleza\\\/#primaryimage\"},\"image\":{\"@id\":\"https:\\\/\\\/climatecommunications.earth\\\/es\\\/post_resources\\\/iniciativa-positiva-de-la-naturaleza\\\/#primaryimage\"},\"thumbnailUrl\":\"https:\\\/\\\/climatecommunications.earth\\\/wp-content\\\/uploads\\\/2024\\\/07\\\/64ffa3f6b2d9ca27f0c19fd8_NATURE-POSITIVE-BY-2030_identity-lock-up_banner-4.webp\",\"datePublished\":\"2024-07-17T16:10:23+00:00\",\"dateModified\":\"2024-09-20T15:25:44+00:00\",\"breadcrumb\":{\"@id\":\"https:\\\/\\\/climatecommunications.earth\\\/es\\\/post_resources\\\/iniciativa-positiva-de-la-naturaleza\\\/#breadcrumb\"},\"inLanguage\":\"es\",\"potentialAction\":[{\"@type\":\"ReadAction\",\"target\":[\"https:\\\/\\\/climatecommunications.earth\\\/es\\\/post_resources\\\/iniciativa-positiva-de-la-naturaleza\\\/\"]}]},{\"@type\":\"ImageObject\",\"inLanguage\":\"es\",\"@id\":\"https:\\\/\\\/climatecommunications.earth\\\/es\\\/post_resources\\\/iniciativa-positiva-de-la-naturaleza\\\/#primaryimage\",\"url\":\"https:\\\/\\\/climatecommunications.earth\\\/wp-content\\\/uploads\\\/2024\\\/07\\\/64ffa3f6b2d9ca27f0c19fd8_NATURE-POSITIVE-BY-2030_identity-lock-up_banner-4.webp\",\"contentUrl\":\"https:\\\/\\\/climatecommunications.earth\\\/wp-content\\\/uploads\\\/2024\\\/07\\\/64ffa3f6b2d9ca27f0c19fd8_NATURE-POSITIVE-BY-2030_identity-lock-up_banner-4.webp\",\"width\":716,\"height\":497},{\"@type\":\"BreadcrumbList\",\"@id\":\"https:\\\/\\\/climatecommunications.earth\\\/es\\\/post_resources\\\/iniciativa-positiva-de-la-naturaleza\\\/#breadcrumb\",\"itemListElement\":[{\"@type\":\"ListItem\",\"position\":1,\"name\":\"Home\",\"item\":\"https:\\\/\\\/climatecommunications.earth\\\/es\\\/\"},{\"@type\":\"ListItem\",\"position\":2,\"name\":\"Iniciativa Positiva de la Naturaleza\"}]},{\"@type\":\"WebSite\",\"@id\":\"https:\\\/\\\/climatecommunications.earth\\\/es\\\/#website\",\"url\":\"https:\\\/\\\/climatecommunications.earth\\\/es\\\/\",\"name\":\"A New Era in Climate Communications\",\"description\":\"\",\"publisher\":{\"@id\":\"https:\\\/\\\/climatecommunications.earth\\\/es\\\/#organization\"},\"potentialAction\":[{\"@type\":\"SearchAction\",\"target\":{\"@type\":\"EntryPoint\",\"urlTemplate\":\"https:\\\/\\\/climatecommunications.earth\\\/es\\\/?s={search_term_string}\"},\"query-input\":{\"@type\":\"PropertyValueSpecification\",\"valueRequired\":true,\"valueName\":\"search_term_string\"}}],\"inLanguage\":\"es\"},{\"@type\":\"Organization\",\"@id\":\"https:\\\/\\\/climatecommunications.earth\\\/es\\\/#organization\",\"name\":\"New Zero World\",\"url\":\"https:\\\/\\\/climatecommunications.earth\\\/es\\\/\",\"logo\":{\"@type\":\"ImageObject\",\"inLanguage\":\"es\",\"@id\":\"https:\\\/\\\/climatecommunications.earth\\\/es\\\/#\\\/schema\\\/logo\\\/image\\\/\",\"url\":\"https:\\\/\\\/climatecommunications.earth\\\/wp-content\\\/uploads\\\/2023\\\/11\\\/65fc5cb892d8b14a5a262b91_download_thumb_expandedv2.png\",\"contentUrl\":\"https:\\\/\\\/climatecommunications.earth\\\/wp-content\\\/uploads\\\/2023\\\/11\\\/65fc5cb892d8b14a5a262b91_download_thumb_expandedv2.png\",\"width\":455,\"height\":303,\"caption\":\"New Zero World\"},\"image\":{\"@id\":\"https:\\\/\\\/climatecommunications.earth\\\/es\\\/#\\\/schema\\\/logo\\\/image\\\/\"}}]}<\/script>\n<!-- \/ Yoast SEO plugin. -->","yoast_head_json":{"title":"Iniciativa Positiva de la Naturaleza - A New Era in Climate Communications","robots":{"index":"index","follow":"follow","max-snippet":"max-snippet:-1","max-image-preview":"max-image-preview:large","max-video-preview":"max-video-preview:-1"},"canonical":"https:\/\/climatecommunications.earth\/es\/post_resources\/iniciativa-positiva-de-la-naturaleza\/","og_locale":"es_ES","og_type":"article","og_title":"Iniciativa Positiva de la Naturaleza - A New Era in Climate Communications","og_description":"27 de las organizaciones de conservaci\u00f3n de la naturaleza, institutos, empresas y coaliciones financieras m\u00e1s grandes del mundo se unieron para lanzar una nueva iniciativa destinada a impulsar la alineaci\u00f3n en torno a la definici\u00f3n, la integridad y el uso del t\u00e9rmino \u00abpositivo para la naturaleza\u00bb y apoyar esfuerzos m\u00e1s amplios y a largo plazo [&hellip;]","og_url":"https:\/\/climatecommunications.earth\/es\/post_resources\/iniciativa-positiva-de-la-naturaleza\/","og_site_name":"A New Era in Climate Communications","article_modified_time":"2024-09-20T15:25:44+00:00","og_image":[{"width":716,"height":497,"url":"https:\/\/climatecommunications.earth\/wp-content\/uploads\/2024\/07\/64ffa3f6b2d9ca27f0c19fd8_NATURE-POSITIVE-BY-2030_identity-lock-up_banner-4.webp","type":"image\/webp"}],"twitter_card":"summary_large_image","twitter_misc":{"Tiempo de lectura":"1 minuto"},"schema":{"@context":"https:\/\/schema.org","@graph":[{"@type":"WebPage","@id":"https:\/\/climatecommunications.earth\/es\/post_resources\/iniciativa-positiva-de-la-naturaleza\/","url":"https:\/\/climatecommunications.earth\/es\/post_resources\/iniciativa-positiva-de-la-naturaleza\/","name":"Iniciativa Positiva de la Naturaleza - A New Era in Climate Communications","isPartOf":{"@id":"https:\/\/climatecommunications.earth\/es\/#website"},"primaryImageOfPage":{"@id":"https:\/\/climatecommunications.earth\/es\/post_resources\/iniciativa-positiva-de-la-naturaleza\/#primaryimage"},"image":{"@id":"https:\/\/climatecommunications.earth\/es\/post_resources\/iniciativa-positiva-de-la-naturaleza\/#primaryimage"},"thumbnailUrl":"https:\/\/climatecommunications.earth\/wp-content\/uploads\/2024\/07\/64ffa3f6b2d9ca27f0c19fd8_NATURE-POSITIVE-BY-2030_identity-lock-up_banner-4.webp","datePublished":"2024-07-17T16:10:23+00:00","dateModified":"2024-09-20T15:25:44+00:00","breadcrumb":{"@id":"https:\/\/climatecommunications.earth\/es\/post_resources\/iniciativa-positiva-de-la-naturaleza\/#breadcrumb"},"inLanguage":"es","potentialAction":[{"@type":"ReadAction","target":["https:\/\/climatecommunications.earth\/es\/post_resources\/iniciativa-positiva-de-la-naturaleza\/"]}]},{"@type":"ImageObject","inLanguage":"es","@id":"https:\/\/climatecommunications.earth\/es\/post_resources\/iniciativa-positiva-de-la-naturaleza\/#primaryimage","url":"https:\/\/climatecommunications.earth\/wp-content\/uploads\/2024\/07\/64ffa3f6b2d9ca27f0c19fd8_NATURE-POSITIVE-BY-2030_identity-lock-up_banner-4.webp","contentUrl":"https:\/\/climatecommunications.earth\/wp-content\/uploads\/2024\/07\/64ffa3f6b2d9ca27f0c19fd8_NATURE-POSITIVE-BY-2030_identity-lock-up_banner-4.webp","width":716,"height":497},{"@type":"BreadcrumbList","@id":"https:\/\/climatecommunications.earth\/es\/post_resources\/iniciativa-positiva-de-la-naturaleza\/#breadcrumb","itemListElement":[{"@type":"ListItem","position":1,"name":"Home","item":"https:\/\/climatecommunications.earth\/es\/"},{"@type":"ListItem","position":2,"name":"Iniciativa Positiva de la Naturaleza"}]},{"@type":"WebSite","@id":"https:\/\/climatecommunications.earth\/es\/#website","url":"https:\/\/climatecommunications.earth\/es\/","name":"A New Era in Climate Communications","description":"","publisher":{"@id":"https:\/\/climatecommunications.earth\/es\/#organization"},"potentialAction":[{"@type":"SearchAction","target":{"@type":"EntryPoint","urlTemplate":"https:\/\/climatecommunications.earth\/es\/?s={search_term_string}"},"query-input":{"@type":"PropertyValueSpecification","valueRequired":true,"valueName":"search_term_string"}}],"inLanguage":"es"},{"@type":"Organization","@id":"https:\/\/climatecommunications.earth\/es\/#organization","name":"New Zero World","url":"https:\/\/climatecommunications.earth\/es\/","logo":{"@type":"ImageObject","inLanguage":"es","@id":"https:\/\/climatecommunications.earth\/es\/#\/schema\/logo\/image\/","url":"https:\/\/climatecommunications.earth\/wp-content\/uploads\/2023\/11\/65fc5cb892d8b14a5a262b91_download_thumb_expandedv2.png","contentUrl":"https:\/\/climatecommunications.earth\/wp-content\/uploads\/2023\/11\/65fc5cb892d8b14a5a262b91_download_thumb_expandedv2.png","width":455,"height":303,"caption":"New Zero World"},"image":{"@id":"https:\/\/climatecommunications.earth\/es\/#\/schema\/logo\/image\/"}}]}},"_links":{"self":[{"href":"https:\/\/climatecommunications.earth\/es\/wp-json\/wp\/v2\/post_resources\/7528","targetHints":{"allow":["GET"]}}],"collection":[{"href":"https:\/\/climatecommunications.earth\/es\/wp-json\/wp\/v2\/post_resources"}],"about":[{"href":"https:\/\/climatecommunications.earth\/es\/wp-json\/wp\/v2\/types\/post_resources"}],"author":[{"embeddable":true,"href":"https:\/\/climatecommunications.earth\/es\/wp-json\/wp\/v2\/users\/3"}],"version-history":[{"count":1,"href":"https:\/\/climatecommunications.earth\/es\/wp-json\/wp\/v2\/post_resources\/7528\/revisions"}],"predecessor-version":[{"id":7882,"href":"https:\/\/climatecommunications.earth\/es\/wp-json\/wp\/v2\/post_resources\/7528\/revisions\/7882"}],"wp:featuredmedia":[{"embeddable":true,"href":"https:\/\/climatecommunications.earth\/es\/wp-json\/wp\/v2\/media\/6187"}],"wp:attachment":[{"href":"https:\/\/climatecommunications.earth\/es\/wp-json\/wp\/v2\/media?parent=7528"}],"curies":[{"name":"wp","href":"https:\/\/api.w.org\/{rel}","templated":true}]}}